{"id":263892,"date":"2026-06-09T13:11:58","date_gmt":"2026-06-09T11:11:58","guid":{"rendered":"https:\/\/cintecx.uvigo.es\/la-investigadora-de-cintecx-lucia-diaz-distinguida-en-los-premios-ragc-uie-por-su-contribucion-al-avance-cientifico-en-galicia\/"},"modified":"2026-06-09T14:11:06","modified_gmt":"2026-06-09T12:11:06","slug":"la-investigadora-de-cintecx-lucia-diaz-distinguida-en-los-premios-ragc-uie-por-su-contribucion-al-avance-cientifico-en-galicia","status":"publish","type":"post","link":"https:\/\/cintecx.uvigo.es\/gl\/la-investigadora-de-cintecx-lucia-diaz-distinguida-en-los-premios-ragc-uie-por-su-contribucion-al-avance-cientifico-en-galicia\/","title":{"rendered":"La investigadora de CINTECX Luc\u00eda D\u00edaz, distinguida en los Premios RAGC\u2011UIE por su contribuci\u00f3n al avance cient\u00edfico en Galicia"},"content":{"rendered":"<p>DUVI 08\/06\/2026<br \/>\n<span style=\"font-size: 1rem;\">A Real Academia Galega de Ciencias (RAGC) e a Universidad Intercontinental de la Empresa (UIE) acaban de resolver a segunda edici\u00f3n dos Premios RAGC-UIE para investigadoras e investigadores xoves. Estes galard\u00f3ns te\u00f1en como obxectivo impulsar a investigaci\u00f3n cient\u00edfica en Galicia, dando reco\u00f1ecemento e potenciando as traxectorias de investigadoras e investigadores novos que desenvolven a s\u00faa carreira en centros da comunidade en tres ramas: Ciencias B\u00e1sicas, Ciencias Sociais e Ciencias T\u00e9cnicas. Entre as e os sete premiados nesta edici\u00f3n est\u00e1 a profesora da Escola de Enxe\u00f1er\u00eda Industrial da Universidade de Vigo Luc\u00eda D\u00edaz, que acadou o acc\u00e9sit no eido das ciencias t\u00e9cnicas, pola s\u00faa traxectoria na dixitalizaci\u00f3n da contorna constru\u00edda para crear espazos m\u00e1is seguros, intelixentes e sostibles. Nesta categor\u00eda obtivo o premio principal Laura Castro, a catedr\u00e1tica de Construci\u00f3ns Navais m\u00e1is nova de Espa\u00f1a, da Universidade da Coru\u00f1a.\u00a0<\/span><\/p>\n<div class=\"field field--name-field-uv-body field--type-entity-reference-revisions field--label-hidden field--items\">\n<div class=\"field--item\">\n<div class=\"field field--name-field-pg-text field--type-text-long field--label-hidden field--item\">\n<h3>Unha carreira centrada no mantemento intelixente de infraestruturas<\/h3>\n<p>Luc\u00eda D\u00edaz Vilari\u00f1o (Vilalba, 1985), \u00e9 investigadora do Departamento de Dese\u00f1o da Enxe\u00f1ar\u00eda e forma parte do Cintecx e do grupo de Xeotecnolox\u00edas Aplicadas. Recibe o acc\u00e9sit en Ciencias T\u00e9cnicas que pon en valor a s\u00faa traxectoria no eido da dixitalizaci\u00f3n da contorna constru\u00edda para crear espazos m\u00e1is seguros, intelixentes e sostibles. D\u00edaz conta cunha ampla experiencia na an\u00e1lise do espazo urbano co obxectivo de comprender a s\u00faa influencia sobre o ser humano, de interese, por exemplo, para mellorar a accesibilidade. Ten desenvolvido proxectos internacionais -cunha captaci\u00f3n para a UVigo de m\u00e1is de 3,5 mill\u00f3ns de euros-, boa parte deles centrados no mantemento intelixente de infraestruturas, a aplicaci\u00f3n da circularidade e sustentabilidade na construci\u00f3n, ou a dixitalizaci\u00f3n de contornas urbanas co prop\u00f3sito de facilitar a vida de persoas con diversidade funcional.<\/p>\n<p>En 2022 xa recibira a distinci\u00f3n ISPRS President\u2019s Honorary Citation polas s\u00faas achegas \u00e1 dixitalizaci\u00f3n da construci\u00f3n, convert\u00e9ndose na terceira persoa espa\u00f1ola, a primeira muller, en recibir este galard\u00f3n. Ademais, a s\u00faa carreira nun eido STEM moi masculinizado levouna a formar parte da nova edici\u00f3n do cat\u00e1logo\u00a0<em>Quero ser investigadora<\/em>, editado pola UCC+i co financiamento da FECYT, no que se recollen dez historias de cient\u00edficas da UVigo.<\/p>\n<\/div>\n<\/div>\n<\/div>\n","protected":false},"excerpt":{"rendered":"<p>Especializada en la digitalizaci\u00f3n del entorno construido, obtuvo el acc\u00e9sit en Ciencias T\u00e9cnicas<\/p>\n","protected":false},"author":10,"featured_media":263889,"comment_status":"closed","ping_status":"closed","sticky":false,"template":"","format":"standard","meta":{"_acf_changed":false,"inline_featured_image":false,"footnotes":""},"categories":[92],"tags":[],"class_list":["post-263892","post","type-post","status-publish","format-standard","has-post-thumbnail","hentry","category-duvi"],"acf":[],"_links":{"self":[{"href":"https:\/\/cintecx.uvigo.es\/gl\/wp-json\/wp\/v2\/posts\/263892","targetHints":{"allow":["GET"]}}],"collection":[{"href":"https:\/\/cintecx.uvigo.es\/gl\/wp-json\/wp\/v2\/posts"}],"about":[{"href":"https:\/\/cintecx.uvigo.es\/gl\/wp-json\/wp\/v2\/types\/post"}],"author":[{"embeddable":true,"href":"https:\/\/cintecx.uvigo.es\/gl\/wp-json\/wp\/v2\/users\/10"}],"replies":[{"embeddable":true,"href":"https:\/\/cintecx.uvigo.es\/gl\/wp-json\/wp\/v2\/comments?post=263892"}],"version-history":[{"count":2,"href":"https:\/\/cintecx.uvigo.es\/gl\/wp-json\/wp\/v2\/posts\/263892\/revisions"}],"predecessor-version":[{"id":263894,"href":"https:\/\/cintecx.uvigo.es\/gl\/wp-json\/wp\/v2\/posts\/263892\/revisions\/263894"}],"wp:featuredmedia":[{"embeddable":true,"href":"https:\/\/cintecx.uvigo.es\/gl\/wp-json\/wp\/v2\/media\/263889"}],"wp:attachment":[{"href":"https:\/\/cintecx.uvigo.es\/gl\/wp-json\/wp\/v2\/media?parent=263892"}],"wp:term":[{"taxonomy":"category","embeddable":true,"href":"https:\/\/cintecx.uvigo.es\/gl\/wp-json\/wp\/v2\/categories?post=263892"},{"taxonomy":"post_tag","embeddable":true,"href":"https:\/\/cintecx.uvigo.es\/gl\/wp-json\/wp\/v2\/tags?post=263892"}],"curies":[{"name":"wp","href":"https:\/\/api.w.org\/{rel}","templated":true}]}}